{"id":1589,"date":"2020-09-08T12:28:59","date_gmt":"2020-09-08T10:28:59","guid":{"rendered":"https:\/\/3ciment.com\/?p=1589"},"modified":"2025-12-10T15:52:34","modified_gmt":"2025-12-10T14:52:34","slug":"archiviazione-dati-e-sicurezza-informatica-aziendale-due-facce-della-stessa-medaglia","status":"publish","type":"post","link":"https:\/\/www.meetit.cloud\/en-us\/09\/2020\/backup-disaster-recovery\/archiviazione-dati-e-sicurezza-informatica-aziendale-due-facce-della-stessa-medaglia\/","title":{"rendered":"Archiviazione dati e sicurezza informatica aziendale: due facce della stessa medaglia"},"content":{"rendered":"<div>\n<h2><\/h2>\n<blockquote><p><span style=\"color: #f39200;\">Sicurezza informatica e archiviazione dei dati aziendali sono due aspetti indissolubilmente legati tra loro. Ne parliamo nel nostro ultimo articolo!<\/span><\/p><\/blockquote>\n<p>&nbsp;<\/p>\n<p>Perch\u00e9 parlare di\u00a0<b>archiviazione dei dati<\/b>\u00a0nel topic della sicurezza informatica? Pu\u00f2 sembrare un collegamento senza senso, ma se riflettiamo un po\u2019 capiremo che cos\u00ec non \u00e8. La cybersecurity aziendale\u00a0ha a che fare con la\u00a0<b>protezione dei dati<\/b>.<\/p>\n<p>L\u2019archiviazione dati si pu\u00f2 intendere sotto due punti di vista:<\/p>\n<\/div>\n<ul>\n<li>La\u00a0<strong>memorizzazione di dati storici<\/strong>, di uso non pi\u00f9 frequente: questo senso \u00e8 chiaro a tutti;<\/li>\n<li>La\u00a0<strong>copia di dati<\/strong>\u00a0che sono fuori dalla nostra esclusiva portata fisica, come i dati memorizzati in un cloud: e questo \u00e8 meno chiaro.<\/li>\n<\/ul>\n<div><\/div>\n<h2><strong>L&#8217;importanza di una corretta procedura di archiviazione dati<\/strong><\/h2>\n<h2><\/h2>\n<div>\n<p>Nel primo caso, una corretta procedura di\u00a0<strong>archiviazione dati aziendale<\/strong>\u00a0sposta quelli considerati \u201cfreddi\u201d, quindi ormai non acceduti da tempo, in un contenitore \u201csicuro\u201d, dove sappiamo possono essere facilmente ritrovati. Ma allora perch\u00e9 non tenerli in produzione Perch\u00e9, il fatto che siano considerati di poco valore fa s\u00ec che molti li considerino anche \u201cperdibili\u201d.<\/p>\n<p>Tante volte mi sono sentito dire: \u201cQuesti dati, anche se si rompe il disco, possiamo perderli. Poi, per\u00f2, capita che di quel dato se ne aveva bisogno. Ecco allora che un corretto\u00a0<b>sistema di archiviazione dati<\/b>, ovvero di spostamento del dato dall\u2019ambiente di produzione ad uno meno nobile e performante di archiviazione, \u00e8 una vera e propria\u00a0<em>best practice.\u00a0<\/em>. Poi la domanda cruciale \u00e8 sempre la stessa:\u00a0<strong>per quanto tempo conservare questi dati<\/strong>? Il mercato ci insegna che costa meno tenerli, piuttosto che ragionare su quando cancellarli.Lascio a ciascuno dare la propria risposta.<\/p>\n<\/div>\n<h2><\/h2>\n<h2><strong>Il backup e la copia dei dati: perch\u00e9 \u00e8 importante eseguirla<\/strong><\/h2>\n<div><\/div>\n<div>Il secondo caso, quello della\u00a0<strong>copia dei dati<\/strong>, va spiegato bene e, per questo, partiamo da un assunto legato al\u00a0<strong>GDPR<\/strong>.<br \/>\nTutte le indicazioni del Garante Privacy sottolineano quanto sia necessario fare una\u00a0<strong>copia di tutti i dati presenti nel cloud<\/strong>, copia che deve essere \u201c<em>nelle mani del titolare<\/em>\u201d. Come tradurre questa espressione \u00e8 lasciato alla libera interpretazione; ovvero, pu\u00f2 essere con una copia in casa, in un altro cloud o altre invenzioni personali. Allora qual \u00e8 la\u00a0<em>ratio<\/em>\u00a0di tale indicazione? Sono diverse, ma ne sottolineo un paio:<\/div>\n<ul>\n<li><strong>Exit strategy<\/strong>: se voglio cambiare cloud provider, posso avere tutte le clausole contrattuali che voglio (fatto salvo che normalmente si firmano quelle immodificabili del cloud provider), ma dipendo dai tempi del fornitore. Avere una copia dei dati nelle proprie mani ci libera da questo fardello;<\/li>\n<li><strong>Disaster Recovery<\/strong>: i cloud provider non sono solo AWS, Google e Microsoft, anche se ricordo che colossi del calibro di Yahoo hanno affrontato disastri impegnativi (disastro non \u00e8 solo l\u2019incendio, ma anche l\u2019attacco informatico). Un cloud provider pu\u00f2 incorrere in problemi che danneggiano o fanno perdere i dati: una copia nelle mani del titolare, anche su supporti meno nobili, ci cautela da tale rischio enorme e tutt\u2019altro che remoto.<\/li>\n<\/ul>\n<div><\/div>\n<div><\/div>\n<div>Detto ci\u00f2, spero di aver fornito idee chiare che portino all\u2019<strong>archiviazione<\/strong>, alla\u00a0<strong>salvaguardia\u00a0<\/strong>e all\u2019\u00a0<strong>integrit\u00e0 dei dati<\/strong>. \u00c8 il buon senso che guida l\u2019attivit\u00e0 imprenditoriale, e lo stesso avviene nella gestione dei sistemi informativi.\u00a0<strong>Prevenire piuttosto che curare<\/strong>: la regola aurea dell\u2019<strong>investimento informatico.<\/strong><\/div>\n<div><\/div>\n<div>\n<div><\/div>\n<div><\/div>\n<div style=\"text-align: right;\"><em>Giuseppe Mazzoli<\/em><br \/>\nAmministratore Unico di 3CiME Technology<\/div>\n<div><\/div>\n<\/div>\n<div>\n<div class=\"elementor-element elementor-element-5082f35f elementor-widget elementor-widget-theme-post-content\" data-id=\"5082f35f\" data-element_type=\"widget\" data-widget_type=\"theme-post-content.default\">\n<div class=\"elementor-widget-container\">\n<div style=\"text-align: right;\"><\/div>\n<\/div>\n<\/div>\n<\/div>","protected":false},"excerpt":{"rendered":"<p>Sicurezza informatica e archiviazione dei dati aziendali sono due aspetti indissolubilmente legati tra loro. Ne parliamo nel nostro ultimo articolo! &nbsp; Perch\u00e9 parlare di\u00a0archiviazione dei dati\u00a0nel topic della sicurezza informatica? Pu\u00f2 sembrare un collegamento senza senso, ma se riflettiamo un po\u2019 capiremo che cos\u00ec non \u00e8. La cybersecurity aziendale\u00a0ha a che fare con la\u00a0protezione dei [&hellip;]<\/p>\n","protected":false},"author":2,"featured_media":0,"comment_status":"closed","ping_status":"closed","sticky":false,"template":"","format":"standard","meta":{"_acf_changed":false,"footnotes":""},"categories":[16],"tags":[],"class_list":["post-1589","post","type-post","status-publish","format-standard","hentry","category-backup-disaster-recovery"],"acf":[],"yoast_head":"<!-- This site is optimized with the Yoast SEO plugin v27.2 - https:\/\/yoast.com\/product\/yoast-seo-wordpress\/ -->\n<title>Archiviazione dati e sicurezza informatica aziendale<\/title>\n<meta name=\"description\" content=\"Archiviazione dati e sicurezza informatica aziendale: due facce della stessa medaglia. Perch\u00e9 parlare di\u00a0archiviazione dei dati\u00a0nel topic?\" \/>\n<meta name=\"robots\" content=\"index, follow, max-snippet:-1, max-image-preview:large, max-video-preview:-1\" \/>\n<link rel=\"canonical\" href=\"https:\/\/www.meetit.cloud\/en-us\/09\/2020\/backup-disaster-recovery\/archiviazione-dati-e-sicurezza-informatica-aziendale-due-facce-della-stessa-medaglia\/\" \/>\n<meta property=\"og:locale\" content=\"en_US\" \/>\n<meta property=\"og:type\" content=\"article\" \/>\n<meta property=\"og:title\" content=\"Archiviazione dati e sicurezza informatica aziendale\" \/>\n<meta property=\"og:description\" content=\"Archiviazione dati e sicurezza informatica aziendale: due facce della stessa medaglia. Perch\u00e9 parlare di\u00a0archiviazione dei dati\u00a0nel topic?\" \/>\n<meta property=\"og:url\" content=\"https:\/\/www.meetit.cloud\/en-us\/09\/2020\/backup-disaster-recovery\/archiviazione-dati-e-sicurezza-informatica-aziendale-due-facce-della-stessa-medaglia\/\" \/>\n<meta property=\"og:site_name\" content=\"3CiME - NT - MEET IT\" \/>\n<meta property=\"article:published_time\" content=\"2020-09-08T10:28:59+00:00\" \/>\n<meta property=\"article:modified_time\" content=\"2025-12-10T14:52:34+00:00\" \/>\n<meta name=\"author\" content=\"3Cime Editor\" \/>\n<script type=\"application\/ld+json\" class=\"yoast-schema-graph\">{\"@context\":\"https:\/\/schema.org\",\"@graph\":[{\"@type\":\"Article\",\"@id\":\"https:\/\/www.meetit.cloud\/09\/2020\/backup-disaster-recovery\/archiviazione-dati-e-sicurezza-informatica-aziendale-due-facce-della-stessa-medaglia\/#article\",\"isPartOf\":{\"@id\":\"https:\/\/www.meetit.cloud\/09\/2020\/backup-disaster-recovery\/archiviazione-dati-e-sicurezza-informatica-aziendale-due-facce-della-stessa-medaglia\/\"},\"author\":{\"name\":\"3Cime Editor\",\"@id\":\"https:\/\/www.meetit.cloud\/#\/schema\/person\/f46afa487697dd9baedafc32a71eed75\"},\"headline\":\"Archiviazione dati e sicurezza informatica aziendale: due facce della stessa medaglia\",\"datePublished\":\"2020-09-08T10:28:59+00:00\",\"dateModified\":\"2025-12-10T14:52:34+00:00\",\"mainEntityOfPage\":{\"@id\":\"https:\/\/www.meetit.cloud\/09\/2020\/backup-disaster-recovery\/archiviazione-dati-e-sicurezza-informatica-aziendale-due-facce-della-stessa-medaglia\/\"},\"wordCount\":541,\"publisher\":{\"@id\":\"https:\/\/www.meetit.cloud\/#organization\"},\"articleSection\":[\"Backup &amp; Disaster Recovery\"],\"inLanguage\":\"en-US\"},{\"@type\":\"WebPage\",\"@id\":\"https:\/\/www.meetit.cloud\/09\/2020\/backup-disaster-recovery\/archiviazione-dati-e-sicurezza-informatica-aziendale-due-facce-della-stessa-medaglia\/\",\"url\":\"https:\/\/www.meetit.cloud\/09\/2020\/backup-disaster-recovery\/archiviazione-dati-e-sicurezza-informatica-aziendale-due-facce-della-stessa-medaglia\/\",\"name\":\"Archiviazione dati e sicurezza informatica aziendale\",\"isPartOf\":{\"@id\":\"https:\/\/www.meetit.cloud\/#website\"},\"datePublished\":\"2020-09-08T10:28:59+00:00\",\"dateModified\":\"2025-12-10T14:52:34+00:00\",\"description\":\"Archiviazione dati e sicurezza informatica aziendale: due facce della stessa medaglia. Perch\u00e9 parlare di\u00a0archiviazione dei dati\u00a0nel topic?\",\"breadcrumb\":{\"@id\":\"https:\/\/www.meetit.cloud\/09\/2020\/backup-disaster-recovery\/archiviazione-dati-e-sicurezza-informatica-aziendale-due-facce-della-stessa-medaglia\/#breadcrumb\"},\"inLanguage\":\"en-US\",\"potentialAction\":[{\"@type\":\"ReadAction\",\"target\":[\"https:\/\/www.meetit.cloud\/09\/2020\/backup-disaster-recovery\/archiviazione-dati-e-sicurezza-informatica-aziendale-due-facce-della-stessa-medaglia\/\"]}]},{\"@type\":\"BreadcrumbList\",\"@id\":\"https:\/\/www.meetit.cloud\/09\/2020\/backup-disaster-recovery\/archiviazione-dati-e-sicurezza-informatica-aziendale-due-facce-della-stessa-medaglia\/#breadcrumb\",\"itemListElement\":[{\"@type\":\"ListItem\",\"position\":1,\"name\":\"Home\",\"item\":\"https:\/\/www.meetit.cloud\/\"},{\"@type\":\"ListItem\",\"position\":2,\"name\":\"Backup &amp; Disaster Recovery\",\"item\":\"https:\/\/www.meetit.cloud\/category\/backup-disaster-recovery\/\"},{\"@type\":\"ListItem\",\"position\":3,\"name\":\"Archiviazione dati e sicurezza informatica aziendale: due facce della stessa medaglia\"}]},{\"@type\":\"WebSite\",\"@id\":\"https:\/\/www.meetit.cloud\/#website\",\"url\":\"https:\/\/www.meetit.cloud\/\",\"name\":\"3CiME - NT - MEET IT\",\"description\":\"\",\"publisher\":{\"@id\":\"https:\/\/www.meetit.cloud\/#organization\"},\"potentialAction\":[{\"@type\":\"SearchAction\",\"target\":{\"@type\":\"EntryPoint\",\"urlTemplate\":\"https:\/\/www.meetit.cloud\/?s={search_term_string}\"},\"query-input\":{\"@type\":\"PropertyValueSpecification\",\"valueRequired\":true,\"valueName\":\"search_term_string\"}}],\"inLanguage\":\"en-US\"},{\"@type\":\"Organization\",\"@id\":\"https:\/\/www.meetit.cloud\/#organization\",\"name\":\"MEET IT\",\"alternateName\":\"MEET IT - 3CiME - NT\",\"url\":\"https:\/\/www.meetit.cloud\/\",\"logo\":{\"@type\":\"ImageObject\",\"inLanguage\":\"en-US\",\"@id\":\"https:\/\/www.meetit.cloud\/#\/schema\/logo\/image\/\",\"url\":\"https:\/\/www.meetit.cloud\/wp-content\/uploads\/Logo-MEET-IT-500x390-1.png\",\"contentUrl\":\"https:\/\/www.meetit.cloud\/wp-content\/uploads\/Logo-MEET-IT-500x390-1.png\",\"width\":500,\"height\":390,\"caption\":\"MEET IT\"},\"image\":{\"@id\":\"https:\/\/www.meetit.cloud\/#\/schema\/logo\/image\/\"}},{\"@type\":\"Person\",\"@id\":\"https:\/\/www.meetit.cloud\/#\/schema\/person\/f46afa487697dd9baedafc32a71eed75\",\"name\":\"3Cime Editor\"}]}<\/script>\n<!-- \/ Yoast SEO plugin. -->","yoast_head_json":{"title":"Archiviazione dati e sicurezza informatica aziendale","description":"Archiviazione dati e sicurezza informatica aziendale: due facce della stessa medaglia. Perch\u00e9 parlare di\u00a0archiviazione dei dati\u00a0nel topic?","robots":{"index":"index","follow":"follow","max-snippet":"max-snippet:-1","max-image-preview":"max-image-preview:large","max-video-preview":"max-video-preview:-1"},"canonical":"https:\/\/www.meetit.cloud\/en-us\/09\/2020\/backup-disaster-recovery\/archiviazione-dati-e-sicurezza-informatica-aziendale-due-facce-della-stessa-medaglia\/","og_locale":"en_US","og_type":"article","og_title":"Archiviazione dati e sicurezza informatica aziendale","og_description":"Archiviazione dati e sicurezza informatica aziendale: due facce della stessa medaglia. Perch\u00e9 parlare di\u00a0archiviazione dei dati\u00a0nel topic?","og_url":"https:\/\/www.meetit.cloud\/en-us\/09\/2020\/backup-disaster-recovery\/archiviazione-dati-e-sicurezza-informatica-aziendale-due-facce-della-stessa-medaglia\/","og_site_name":"3CiME - NT - MEET IT","article_published_time":"2020-09-08T10:28:59+00:00","article_modified_time":"2025-12-10T14:52:34+00:00","author":"3Cime Editor","schema":{"@context":"https:\/\/schema.org","@graph":[{"@type":"Article","@id":"https:\/\/www.meetit.cloud\/09\/2020\/backup-disaster-recovery\/archiviazione-dati-e-sicurezza-informatica-aziendale-due-facce-della-stessa-medaglia\/#article","isPartOf":{"@id":"https:\/\/www.meetit.cloud\/09\/2020\/backup-disaster-recovery\/archiviazione-dati-e-sicurezza-informatica-aziendale-due-facce-della-stessa-medaglia\/"},"author":{"name":"3Cime Editor","@id":"https:\/\/www.meetit.cloud\/#\/schema\/person\/f46afa487697dd9baedafc32a71eed75"},"headline":"Archiviazione dati e sicurezza informatica aziendale: due facce della stessa medaglia","datePublished":"2020-09-08T10:28:59+00:00","dateModified":"2025-12-10T14:52:34+00:00","mainEntityOfPage":{"@id":"https:\/\/www.meetit.cloud\/09\/2020\/backup-disaster-recovery\/archiviazione-dati-e-sicurezza-informatica-aziendale-due-facce-della-stessa-medaglia\/"},"wordCount":541,"publisher":{"@id":"https:\/\/www.meetit.cloud\/#organization"},"articleSection":["Backup &amp; Disaster Recovery"],"inLanguage":"en-US"},{"@type":"WebPage","@id":"https:\/\/www.meetit.cloud\/09\/2020\/backup-disaster-recovery\/archiviazione-dati-e-sicurezza-informatica-aziendale-due-facce-della-stessa-medaglia\/","url":"https:\/\/www.meetit.cloud\/09\/2020\/backup-disaster-recovery\/archiviazione-dati-e-sicurezza-informatica-aziendale-due-facce-della-stessa-medaglia\/","name":"Archiviazione dati e sicurezza informatica aziendale","isPartOf":{"@id":"https:\/\/www.meetit.cloud\/#website"},"datePublished":"2020-09-08T10:28:59+00:00","dateModified":"2025-12-10T14:52:34+00:00","description":"Archiviazione dati e sicurezza informatica aziendale: due facce della stessa medaglia. Perch\u00e9 parlare di\u00a0archiviazione dei dati\u00a0nel topic?","breadcrumb":{"@id":"https:\/\/www.meetit.cloud\/09\/2020\/backup-disaster-recovery\/archiviazione-dati-e-sicurezza-informatica-aziendale-due-facce-della-stessa-medaglia\/#breadcrumb"},"inLanguage":"en-US","potentialAction":[{"@type":"ReadAction","target":["https:\/\/www.meetit.cloud\/09\/2020\/backup-disaster-recovery\/archiviazione-dati-e-sicurezza-informatica-aziendale-due-facce-della-stessa-medaglia\/"]}]},{"@type":"BreadcrumbList","@id":"https:\/\/www.meetit.cloud\/09\/2020\/backup-disaster-recovery\/archiviazione-dati-e-sicurezza-informatica-aziendale-due-facce-della-stessa-medaglia\/#breadcrumb","itemListElement":[{"@type":"ListItem","position":1,"name":"Home","item":"https:\/\/www.meetit.cloud\/"},{"@type":"ListItem","position":2,"name":"Backup &amp; Disaster Recovery","item":"https:\/\/www.meetit.cloud\/category\/backup-disaster-recovery\/"},{"@type":"ListItem","position":3,"name":"Archiviazione dati e sicurezza informatica aziendale: due facce della stessa medaglia"}]},{"@type":"WebSite","@id":"https:\/\/www.meetit.cloud\/#website","url":"https:\/\/www.meetit.cloud\/","name":"3CiME - NT - MEET IT","description":"","publisher":{"@id":"https:\/\/www.meetit.cloud\/#organization"},"potentialAction":[{"@type":"SearchAction","target":{"@type":"EntryPoint","urlTemplate":"https:\/\/www.meetit.cloud\/?s={search_term_string}"},"query-input":{"@type":"PropertyValueSpecification","valueRequired":true,"valueName":"search_term_string"}}],"inLanguage":"en-US"},{"@type":"Organization","@id":"https:\/\/www.meetit.cloud\/#organization","name":"MEET IT","alternateName":"MEET IT - 3CiME - NT","url":"https:\/\/www.meetit.cloud\/","logo":{"@type":"ImageObject","inLanguage":"en-US","@id":"https:\/\/www.meetit.cloud\/#\/schema\/logo\/image\/","url":"https:\/\/www.meetit.cloud\/wp-content\/uploads\/Logo-MEET-IT-500x390-1.png","contentUrl":"https:\/\/www.meetit.cloud\/wp-content\/uploads\/Logo-MEET-IT-500x390-1.png","width":500,"height":390,"caption":"MEET IT"},"image":{"@id":"https:\/\/www.meetit.cloud\/#\/schema\/logo\/image\/"}},{"@type":"Person","@id":"https:\/\/www.meetit.cloud\/#\/schema\/person\/f46afa487697dd9baedafc32a71eed75","name":"3Cime Editor"}]}},"_links":{"self":[{"href":"https:\/\/www.meetit.cloud\/en-us\/wp-json\/wp\/v2\/posts\/1589","targetHints":{"allow":["GET"]}}],"collection":[{"href":"https:\/\/www.meetit.cloud\/en-us\/wp-json\/wp\/v2\/posts"}],"about":[{"href":"https:\/\/www.meetit.cloud\/en-us\/wp-json\/wp\/v2\/types\/post"}],"author":[{"embeddable":true,"href":"https:\/\/www.meetit.cloud\/en-us\/wp-json\/wp\/v2\/users\/2"}],"replies":[{"embeddable":true,"href":"https:\/\/www.meetit.cloud\/en-us\/wp-json\/wp\/v2\/comments?post=1589"}],"version-history":[{"count":11,"href":"https:\/\/www.meetit.cloud\/en-us\/wp-json\/wp\/v2\/posts\/1589\/revisions"}],"predecessor-version":[{"id":4220,"href":"https:\/\/www.meetit.cloud\/en-us\/wp-json\/wp\/v2\/posts\/1589\/revisions\/4220"}],"wp:attachment":[{"href":"https:\/\/www.meetit.cloud\/en-us\/wp-json\/wp\/v2\/media?parent=1589"}],"wp:term":[{"taxonomy":"category","embeddable":true,"href":"https:\/\/www.meetit.cloud\/en-us\/wp-json\/wp\/v2\/categories?post=1589"},{"taxonomy":"post_tag","embeddable":true,"href":"https:\/\/www.meetit.cloud\/en-us\/wp-json\/wp\/v2\/tags?post=1589"}],"curies":[{"name":"wp","href":"https:\/\/api.w.org\/{rel}","templated":true}]}}